{"id":3726,"date":"2025-01-31T00:33:07","date_gmt":"2025-01-30T23:33:07","guid":{"rendered":"https:\/\/www.fabularium-berlin.de\/?p=3726"},"modified":"2025-02-19T12:54:59","modified_gmt":"2025-02-19T11:54:59","slug":"masopust-2025","status":"publish","type":"post","link":"https:\/\/www.fabularium-berlin.de\/de\/masopust-2025\/2025\/01\/31\/","title":{"rendered":"Masopust 2025"},"content":{"rendered":"<div data-elementor-type=\"wp-post\" data-elementor-id=\"3726\" class=\"elementor elementor-3726\">\n\t\t\t\t\t\t<section class=\"elementor-section elementor-top-section elementor-element elementor-element-597f4be elementor-section-boxed elementor-section-height-default elementor-section-height-default\" data-id=\"597f4be\" data-element_type=\"section\" data-e-type=\"section\">\n\t\t\t\t\t\t<div class=\"elementor-container elementor-column-gap-default\">\n\t\t\t\t\t<div class=\"elementor-column elementor-col-100 elementor-top-column elementor-element elementor-element-37e8e74\" data-id=\"37e8e74\" data-element_type=\"column\" data-e-type=\"column\">\n\t\t\t<div class=\"elementor-widget-wrap elementor-element-populated\">\n\t\t\t\t\t\t<div class=\"elementor-element elementor-element-9b3bf20 elementor-widget elementor-widget-text-editor\" data-id=\"9b3bf20\" data-element_type=\"widget\" data-e-type=\"widget\" data-widget_type=\"text-editor.default\">\n\t\t\t\t<div class=\"elementor-widget-container\">\n\t\t\t\t\t\t\t\t\t<p><span style=\"font-style: inherit; background-color: var(--ast-global-color-4);\">Srde\u010dn\u011b v\u00e1s zveme na leto\u0161n\u00ed <strong>masopustn\u00ed pr\u016fvod<\/strong>, kter\u00fd se bude konat <strong>1. 3. 2025<\/strong>.&nbsp;<\/span><\/p>\n<p><\/p>\n<p>Sraz v 16:30 p\u0159ed knihovnou Kurt-Tucholsky-Bibliothek ji\u017e v mask\u00e1ch, p\u016fjdeme spole\u010dn\u00fdm pr\u016fvodem ulicemi do Caf\u00e9 Nonna. V kav\u00e1rn\u011b bude p\u0159ichyst\u00e1no ob\u010derstven\u00ed (tepl\u00fd n\u00e1poj a z\u00e1kusek), kter\u00fd si na m\u00edst\u011b m\u016f\u017eete koupit (7 \u20ac dosp\u011bl\u00ed, 5 \u20ac d\u011bti). Budeme tak\u00e9 op\u00e9kat \u0161pek\u00e1\u010dky na ohni a z toho d\u016fvodu v\u00e1s pros\u00edme &#8211; pokud se chyst\u00e1te p\u0159ij\u00edt, <b>p\u0159ihlaste se do ned\u011ble 23.2. <\/b>na odkazu n\u00ed\u017ee, a\u0165 v\u00edme, kolik bu\u0159t\u016f p\u0159ichystat.<\/p>\t\t\t\t\t\t\t\t<\/div>\n\t\t\t\t<\/div>\n\t\t\t\t\t<\/div>\n\t\t<\/div>\n\t\t\t\t\t<\/div>\n\t\t<\/section>\n\t\t\t\t<section class=\"elementor-section elementor-top-section elementor-element elementor-element-0c7088d elementor-section-boxed elementor-section-height-default elementor-section-height-default\" data-id=\"0c7088d\" data-element_type=\"section\" data-e-type=\"section\">\n\t\t\t\t\t\t<div class=\"elementor-container elementor-column-gap-default\">\n\t\t\t\t\t<div class=\"elementor-column elementor-col-100 elementor-top-column elementor-element elementor-element-1b12ee7\" data-id=\"1b12ee7\" data-element_type=\"column\" data-e-type=\"column\">\n\t\t\t<div class=\"elementor-widget-wrap elementor-element-populated\">\n\t\t\t\t\t\t<div class=\"elementor-element elementor-element-5b6281e elementor-widget elementor-widget-button\" data-id=\"5b6281e\" data-element_type=\"widget\" data-e-type=\"widget\" data-widget_type=\"button.default\">\n\t\t\t\t<div class=\"elementor-widget-container\">\n\t\t\t\t\t\t\t\t\t<div class=\"elementor-button-wrapper\">\n\t\t\t\t\t<a class=\"elementor-button elementor-button-link elementor-size-sm\" href=\"https:\/\/www.eventbrite.de\/e\/masopust-2025-tickets-1254391371359?utm-campaign=social&#038;utm-content=attendeeshare&#038;utm-medium=discovery&#038;utm-term=listing&#038;utm-source=cp&#038;aff=ebdsshcopyurl\" target=\"_blank\">\n\t\t\t\t\t\t<span class=\"elementor-button-content-wrapper\">\n\t\t\t\t\t\t\t\t\t<span class=\"elementor-button-text\">p\u0159ihl\u00e1\u0161ka masopustn\u00ed pr\u016fvod<\/span>\n\t\t\t\t\t<\/span>\n\t\t\t\t\t<\/a>\n\t\t\t\t<\/div>\n\t\t\t\t\t\t\t\t<\/div>\n\t\t\t\t<\/div>\n\t\t\t\t\t<\/div>\n\t\t<\/div>\n\t\t\t\t\t<\/div>\n\t\t<\/section>\n\t\t\t\t<section class=\"elementor-section elementor-top-section elementor-element elementor-element-9cae2a5 elementor-section-boxed elementor-section-height-default elementor-section-height-default\" data-id=\"9cae2a5\" data-element_type=\"section\" data-e-type=\"section\">\n\t\t\t\t\t\t<div class=\"elementor-container elementor-column-gap-default\">\n\t\t\t\t\t<div class=\"elementor-column elementor-col-100 elementor-top-column elementor-element elementor-element-8da69ff\" data-id=\"8da69ff\" data-element_type=\"column\" data-e-type=\"column\">\n\t\t\t<div class=\"elementor-widget-wrap elementor-element-populated\">\n\t\t\t\t\t\t<div class=\"elementor-element elementor-element-7c8ccc7 elementor-widget elementor-widget-text-editor\" data-id=\"7c8ccc7\" data-element_type=\"widget\" data-e-type=\"widget\" data-widget_type=\"text-editor.default\">\n\t\t\t\t<div class=\"elementor-widget-container\">\n\t\t\t\t\t\t\t\t\t<p>Informace pro ty, co se p\u0159ihl\u00e1sili na tvo\u0159en\u00ed masopustn\u00edch masek p\u0159ed pr\u016fvodem (registrace je z d\u016fvodu napln\u011bn\u00ed kapacity ji\u017e uzav\u0159ena):<\/p><p><span style=\"text-decoration: underline;\"><strong>\u00a01.3. &#8211; MASOPUSTN\u00cd PR\u016eVOD<\/strong><\/span><\/p><p>Sraz v 15 hodin v Kurt-Tucholsky-Bibliothek<\/p><ul><li>dokon\u010dov\u00e1n\u00ed ka\u0161\u00edrovan\u00fdch masek z 22.2. a v\u00fdroba jednoduch\u00fdch masek (pro ty, co se ne\u00fa\u010dastn\u00ed 22.2.)<\/li><li>od 16:30 pr\u016fvod v mask\u00e1ch do Nonna Caf\u00e9<\/li><li>cena za bal\u00ed\u010dek poho\u0161t\u011bn\u00ed (k\u00e1va, n\u00e1poj + z\u00e1kusek) &#8211; 7 \u20ac dosp\u011bl\u00ed \/ 5 \u20ac d\u011bti<\/li><li>t\u00e1bor\u00e1k s mo\u017enost\u00ed op\u00e9k\u00e1n\u00ed \u0161pek\u00e1\u010dk\u016f<\/li><\/ul>\t\t\t\t\t\t\t\t<\/div>\n\t\t\t\t<\/div>\n\t\t\t\t\t<\/div>\n\t\t<\/div>\n\t\t\t\t\t<\/div>\n\t\t<\/section>\n\t\t\t\t<\/div>","protected":false},"excerpt":{"rendered":"<p>Srde\u010dn\u011b v\u00e1s zveme na leto\u0161n\u00ed masopustn\u00ed pr\u016fvod, kter\u00fd se bude konat 1. 3. 2025.&nbsp; Sraz v 16:30 p\u0159ed knihovnou Kurt-Tucholsky-Bibliothek ji\u017e v mask\u00e1ch, p\u016fjdeme spole\u010dn\u00fdm pr\u016fvodem ulicemi do Caf\u00e9 Nonna. V kav\u00e1rn\u011b bude p\u0159ichyst\u00e1no ob\u010derstven\u00ed (tepl\u00fd n\u00e1poj a z\u00e1kusek), kter\u00fd si na m\u00edst\u011b m\u016f\u017eete koupit (7 \u20ac dosp\u011bl\u00ed, 5 \u20ac d\u011bti). Budeme tak\u00e9 op\u00e9kat \u0161pek\u00e1\u010dky [&hellip;]<\/p>\n","protected":false},"author":2,"featured_media":3732,"comment_status":"open","ping_status":"open","sticky":false,"template":"","format":"standard","meta":{"inline_featured_image":false,"site-sidebar-layout":"default","site-content-layout":"","ast-site-content-layout":"default","site-content-style":"default","site-sidebar-style":"default","ast-global-header-display":"","ast-banner-title-visibility":"","ast-main-header-display":"","ast-hfb-above-header-display":"","ast-hfb-below-header-display":"","ast-hfb-mobile-header-display":"","site-post-title":"","ast-breadcrumbs-content":"","ast-featured-img":"","footer-sml-layout":"","theme-transparent-header-meta":"","adv-header-id-meta":"","stick-header-meta":"","header-above-stick-meta":"","header-main-stick-meta":"","header-below-stick-meta":"","astra-migrate-meta-layouts":"set","ast-page-background-enabled":"default","ast-page-background-meta":{"desktop":{"background-color":"var(--ast-global-color-4)","background-image":"","background-repeat":"repeat","background-position":"center center","background-size":"auto","background-attachment":"scroll","background-type":"","background-media":"","overlay-type":"","overlay-color":"","overlay-gradient":""},"tablet":{"background-color":"","background-image":"","background-repeat":"repeat","background-position":"center center","background-size":"auto","background-attachment":"scroll","background-type":"","background-media":"","overlay-type":"","overlay-color":"","overlay-gradient":""},"mobile":{"background-color":"","background-image":"","background-repeat":"repeat","background-position":"center center","background-size":"auto","background-attachment":"scroll","background-type":"","background-media":"","overlay-type":"","overlay-color":"","overlay-gradient":""}},"ast-content-background-meta":{"desktop":{"background-color":"var(--ast-global-color-5)","background-image":"","background-repeat":"repeat","background-position":"center center","background-size":"auto","background-attachment":"scroll","background-type":"","background-media":"","overlay-type":"","overlay-color":"","overlay-gradient":""},"tablet":{"background-color":"var(--ast-global-color-5)","background-image":"","background-repeat":"repeat","background-position":"center center","background-size":"auto","background-attachment":"scroll","background-type":"","background-media":"","overlay-type":"","overlay-color":"","overlay-gradient":""},"mobile":{"background-color":"var(--ast-global-color-5)","background-image":"","background-repeat":"repeat","background-position":"center center","background-size":"auto","background-attachment":"scroll","background-type":"","background-media":"","overlay-type":"","overlay-color":"","overlay-gradient":""}},"footnotes":""},"categories":[7,1,8],"tags":[],"class_list":["post-3726","post","type-post","status-publish","format-standard","has-post-thumbnail","hentry","category-akce","category-allgemein","category-dilny"],"_links":{"self":[{"href":"https:\/\/www.fabularium-berlin.de\/de\/wp-json\/wp\/v2\/posts\/3726","targetHints":{"allow":["GET"]}}],"collection":[{"href":"https:\/\/www.fabularium-berlin.de\/de\/wp-json\/wp\/v2\/posts"}],"about":[{"href":"https:\/\/www.fabularium-berlin.de\/de\/wp-json\/wp\/v2\/types\/post"}],"author":[{"embeddable":true,"href":"https:\/\/www.fabularium-berlin.de\/de\/wp-json\/wp\/v2\/users\/2"}],"replies":[{"embeddable":true,"href":"https:\/\/www.fabularium-berlin.de\/de\/wp-json\/wp\/v2\/comments?post=3726"}],"version-history":[{"count":25,"href":"https:\/\/www.fabularium-berlin.de\/de\/wp-json\/wp\/v2\/posts\/3726\/revisions"}],"predecessor-version":[{"id":3818,"href":"https:\/\/www.fabularium-berlin.de\/de\/wp-json\/wp\/v2\/posts\/3726\/revisions\/3818"}],"wp:featuredmedia":[{"embeddable":true,"href":"https:\/\/www.fabularium-berlin.de\/de\/wp-json\/wp\/v2\/media\/3732"}],"wp:attachment":[{"href":"https:\/\/www.fabularium-berlin.de\/de\/wp-json\/wp\/v2\/media?parent=3726"}],"wp:term":[{"taxonomy":"category","embeddable":true,"href":"https:\/\/www.fabularium-berlin.de\/de\/wp-json\/wp\/v2\/categories?post=3726"},{"taxonomy":"post_tag","embeddable":true,"href":"https:\/\/www.fabularium-berlin.de\/de\/wp-json\/wp\/v2\/tags?post=3726"}],"curies":[{"name":"wp","href":"https:\/\/api.w.org\/{rel}","templated":true}]}}