{"id":3611,"date":"2024-09-14T00:21:44","date_gmt":"2024-09-13T22:21:44","guid":{"rendered":"https:\/\/www.fabularium-berlin.de\/?p=3611"},"modified":"2024-09-14T15:13:50","modified_gmt":"2024-09-14T13:13:50","slug":"elementor-3611","status":"publish","type":"post","link":"https:\/\/www.fabularium-berlin.de\/de\/elementor-3611\/2024\/09\/14\/","title":{"rendered":"\u010cesk\u00fd \u010dten\u00e1\u0159sk\u00fd koutek v Pablo-Neruda-Bibliothek"},"content":{"rendered":"<div data-elementor-type=\"wp-post\" data-elementor-id=\"3611\" class=\"elementor elementor-3611\">\n\t\t\t\t\t\t<section class=\"elementor-section elementor-top-section elementor-element elementor-element-d4139f5 elementor-section-boxed elementor-section-height-default elementor-section-height-default\" data-id=\"d4139f5\" data-element_type=\"section\" data-e-type=\"section\">\n\t\t\t\t\t\t<div class=\"elementor-container elementor-column-gap-default\">\n\t\t\t\t\t<div class=\"elementor-column elementor-col-100 elementor-top-column elementor-element elementor-element-d611cc9\" data-id=\"d611cc9\" data-element_type=\"column\" data-e-type=\"column\">\n\t\t\t<div class=\"elementor-widget-wrap elementor-element-populated\">\n\t\t\t\t\t\t<div class=\"elementor-element elementor-element-4cf7f10 elementor-widget elementor-widget-text-editor\" data-id=\"4cf7f10\" data-element_type=\"widget\" data-e-type=\"widget\" data-widget_type=\"text-editor.default\">\n\t\t\t\t<div class=\"elementor-widget-container\">\n\t\t\t\t\t\t\t\t\t<p>Pozor pozor, m\u00e1me fantastickou novinku pro v\u0161echny milovn\u00edky knih! 28. z\u00e1\u0159\u00ed (na Den \u010desk\u00e9 st\u00e1tnosti) otv\u00edr\u00e1me novou kapitolu spolku Fabularium &#8211; budete si moct p\u016fj\u010dovat \u010desk\u00e9 knihy v d\u011btsk\u00e9m odd\u011blen\u00ed Pablo-Neruda-Bibliothek ve Friedrichshainu. M\u00e1te chu\u0165 prolistovat \u010desk\u00e9 klasiky jako Pejsek a ko\u010di\u010dka nebo doj\u00edmat se nad \u00fasm\u011bvn\u00fdmi p\u0159\u00edhodami mal\u00e9 D\u00e1\u0161e\u0148ky \u010di medv\u011bda Fl\u00f3ry? Z<span style=\"font-style: inherit; font-weight: inherit; background-color: var(--ast-global-color-4);\">avzpom\u00ednat si na d\u011btstv\u00ed u p\u0159\u00edb\u011bh\u016f \u010cty\u0159l\u00edstku, pobavit se u Den\u00edku mal\u00e9ho poseroutky nebo se nechat pohltit dobrodru\u017estv\u00edm z Pra\u0161iny? To v\u0161e a mnoho jin\u00fdch knih pro mal\u00e9 i velk\u00e9 d\u011bti si brzy budete moct p\u016fj\u010dovat na \u010dten\u00e1\u0159sk\u00fd pr\u016fkaz v m\u011bstsk\u00e9 knihovn\u011b p\u0159\u00edmo u zast\u00e1vky Frankfurter Tor &#8211; co by kamenem dohodil od Alexander Platzu.\u00a0<\/span><\/p><p><span style=\"font-style: inherit; font-weight: inherit; background-color: var(--ast-global-color-4);\">A to nen\u00ed v\u0161e &#8211; v t\u00e9hle kr\u00e1sn\u00e9 modern\u00ed knihovn\u011b se budeme potk\u00e1vat \u010dast\u011bji p\u0159i r\u016fzn\u00fdch p\u0159\u00edle\u017eitostech. Chyst\u00e1me tvo\u0159iv\u00e9 d\u00edlny, autorsk\u00e1 \u010dten\u00ed, prom\u00edt\u00e1n\u00ed film\u016f.<\/span><\/p><p><span style=\"font-style: inherit; font-weight: inherit; background-color: var(--ast-global-color-4);\">\u00a0<\/span><\/p><p><span style=\"font-style: inherit; font-weight: inherit; background-color: var(--ast-global-color-4); font-size: 14pt;\">R\u00e1di bychom se s v\u00e1mi pod\u011blili o na\u0161i radost a proto v\u00e1s srde\u010dn\u011b zveme na<strong> slavnostn\u00ed otev\u0159en\u00ed \u010desk\u00e9ho \u010dten\u00e1\u0159sk\u00e9ho koutku!<\/strong><\/span><\/p><p>\u00a0<\/p><p><span style=\"font-style: inherit; font-weight: inherit; background-color: var(--ast-global-color-4); font-size: 14pt;\"><strong>KDY? <\/strong><\/span><\/p><ul><li><span style=\"font-style: inherit; font-weight: inherit; background-color: var(--ast-global-color-4); font-size: 14pt;\"><strong>sobotu 28. z\u00e1\u0159\u00ed 2024, <\/strong><\/span><span style=\"font-style: inherit; font-weight: inherit; background-color: var(--ast-global-color-4); font-size: 14pt;\"><strong>od 12 do 15 hodin<\/strong> <\/span><\/li><\/ul><p><strong><span style=\"font-style: inherit; background-color: var(--ast-global-color-4); font-size: 14pt;\">KDE N\u00c1S NAJDETE?<\/span><\/strong><\/p><p><span style=\"font-size: 14pt;\"><strong>Pablo-Neruda-Bibliothek, Frankfurter Allee 14 A, 10247 Berlin<\/strong><\/span><\/p><ul><li><strong>v d\u011btsk\u00e9m odd\u011blen\u00ed v 1. pat\u0159e<\/strong><\/li><\/ul><p><strong><span style=\"font-style: inherit; background-color: var(--ast-global-color-4); font-size: 14pt;\">Na programu budou:<\/span><\/strong><\/p><ul><li><span style=\"font-style: inherit; font-weight: inherit; background-color: var(--ast-global-color-4); font-size: 14pt;\">\u00a0tvo\u0159iv\u00e9 d\u00edlni\u010dky (d\u011bti si vyrob\u00ed \u010dten\u00e1\u0159sk\u00fd den\u00ed\u010dek nebo z\u00e1lo\u017eky do knih)<\/span><\/li><li><span style=\"font-style: inherit; font-weight: inherit; background-color: var(--ast-global-color-4); font-size: 14pt;\">\u010dten\u00ed z vybran\u00fdch knih <\/span><\/li><li><span style=\"font-style: inherit; font-weight: inherit; background-color: var(--ast-global-color-4); font-size: 14pt;\">mal\u00e9 poho\u0161t\u011bn\u00ed<\/span><\/li><li>pokud je\u0161t\u011b nem\u00e1te, m\u016f\u017eete si rovnou zalo\u017eit karti\u010dku do m\u011bstsk\u00e9 knihovny a p\u016fj\u010dit si d\u011btsk\u00e9 kn\u00ed\u017eky<\/li><\/ul><p><strong><span style=\"font-style: inherit; background-color: var(--ast-global-color-4); font-size: 14pt;\">P\u0159ij\u010fte se spole\u010dn\u011b za\u010d\u00edst!<\/span><\/strong><\/p>\t\t\t\t\t\t\t\t<\/div>\n\t\t\t\t<\/div>\n\t\t\t\t\t<\/div>\n\t\t<\/div>\n\t\t\t\t\t<\/div>\n\t\t<\/section>\n\t\t\t\t<\/div>","protected":false},"excerpt":{"rendered":"<p>Pozor pozor, m\u00e1me fantastickou novinku pro v\u0161echny milovn\u00edky knih! 28. z\u00e1\u0159\u00ed (na Den \u010desk\u00e9 st\u00e1tnosti) otv\u00edr\u00e1me novou kapitolu spolku Fabularium &#8211; budete si moct p\u016fj\u010dovat \u010desk\u00e9 knihy v d\u011btsk\u00e9m odd\u011blen\u00ed Pablo-Neruda-Bibliothek ve Friedrichshainu. M\u00e1te chu\u0165 prolistovat \u010desk\u00e9 klasiky jako Pejsek a ko\u010di\u010dka nebo doj\u00edmat se nad \u00fasm\u011bvn\u00fdmi p\u0159\u00edhodami mal\u00e9 D\u00e1\u0161e\u0148ky \u010di medv\u011bda Fl\u00f3ry? Zavzpom\u00ednat si [&hellip;]<\/p>\n","protected":false},"author":2,"featured_media":3616,"comment_status":"open","ping_status":"open","sticky":false,"template":"","format":"standard","meta":{"inline_featured_image":false,"site-sidebar-layout":"default","site-content-layout":"","ast-site-content-layout":"default","site-content-style":"default","site-sidebar-style":"default","ast-global-header-display":"","ast-banner-title-visibility":"","ast-main-header-display":"","ast-hfb-above-header-display":"","ast-hfb-below-header-display":"","ast-hfb-mobile-header-display":"","site-post-title":"","ast-breadcrumbs-content":"","ast-featured-img":"","footer-sml-layout":"","theme-transparent-header-meta":"","adv-header-id-meta":"","stick-header-meta":"","header-above-stick-meta":"","header-main-stick-meta":"","header-below-stick-meta":"","astra-migrate-meta-layouts":"set","ast-page-background-enabled":"default","ast-page-background-meta":{"desktop":{"background-color":"var(--ast-global-color-4)","background-image":"","background-repeat":"repeat","background-position":"center center","background-size":"auto","background-attachment":"scroll","background-type":"","background-media":"","overlay-type":"","overlay-color":"","overlay-gradient":""},"tablet":{"background-color":"","background-image":"","background-repeat":"repeat","background-position":"center center","background-size":"auto","background-attachment":"scroll","background-type":"","background-media":"","overlay-type":"","overlay-color":"","overlay-gradient":""},"mobile":{"background-color":"","background-image":"","background-repeat":"repeat","background-position":"center center","background-size":"auto","background-attachment":"scroll","background-type":"","background-media":"","overlay-type":"","overlay-color":"","overlay-gradient":""}},"ast-content-background-meta":{"desktop":{"background-color":"var(--ast-global-color-5)","background-image":"","background-repeat":"repeat","background-position":"center center","background-size":"auto","background-attachment":"scroll","background-type":"","background-media":"","overlay-type":"","overlay-color":"","overlay-gradient":""},"tablet":{"background-color":"var(--ast-global-color-5)","background-image":"","background-repeat":"repeat","background-position":"center center","background-size":"auto","background-attachment":"scroll","background-type":"","background-media":"","overlay-type":"","overlay-color":"","overlay-gradient":""},"mobile":{"background-color":"var(--ast-global-color-5)","background-image":"","background-repeat":"repeat","background-position":"center center","background-size":"auto","background-attachment":"scroll","background-type":"","background-media":"","overlay-type":"","overlay-color":"","overlay-gradient":""}},"footnotes":""},"categories":[7,1],"tags":[],"class_list":["post-3611","post","type-post","status-publish","format-standard","has-post-thumbnail","hentry","category-akce","category-allgemein"],"_links":{"self":[{"href":"https:\/\/www.fabularium-berlin.de\/de\/wp-json\/wp\/v2\/posts\/3611","targetHints":{"allow":["GET"]}}],"collection":[{"href":"https:\/\/www.fabularium-berlin.de\/de\/wp-json\/wp\/v2\/posts"}],"about":[{"href":"https:\/\/www.fabularium-berlin.de\/de\/wp-json\/wp\/v2\/types\/post"}],"author":[{"embeddable":true,"href":"https:\/\/www.fabularium-berlin.de\/de\/wp-json\/wp\/v2\/users\/2"}],"replies":[{"embeddable":true,"href":"https:\/\/www.fabularium-berlin.de\/de\/wp-json\/wp\/v2\/comments?post=3611"}],"version-history":[{"count":14,"href":"https:\/\/www.fabularium-berlin.de\/de\/wp-json\/wp\/v2\/posts\/3611\/revisions"}],"predecessor-version":[{"id":3628,"href":"https:\/\/www.fabularium-berlin.de\/de\/wp-json\/wp\/v2\/posts\/3611\/revisions\/3628"}],"wp:featuredmedia":[{"embeddable":true,"href":"https:\/\/www.fabularium-berlin.de\/de\/wp-json\/wp\/v2\/media\/3616"}],"wp:attachment":[{"href":"https:\/\/www.fabularium-berlin.de\/de\/wp-json\/wp\/v2\/media?parent=3611"}],"wp:term":[{"taxonomy":"category","embeddable":true,"href":"https:\/\/www.fabularium-berlin.de\/de\/wp-json\/wp\/v2\/categories?post=3611"},{"taxonomy":"post_tag","embeddable":true,"href":"https:\/\/www.fabularium-berlin.de\/de\/wp-json\/wp\/v2\/tags?post=3611"}],"curies":[{"name":"wp","href":"https:\/\/api.w.org\/{rel}","templated":true}]}}