{"id":3379,"date":"2023-06-30T00:23:13","date_gmt":"2023-06-29T22:23:13","guid":{"rendered":"https:\/\/www.fabularium-berlin.de\/?p=3379"},"modified":"2023-06-30T00:55:18","modified_gmt":"2023-06-29T22:55:18","slug":"zveme-vas-na-piknih-piknik-plny-knih","status":"publish","type":"post","link":"https:\/\/www.fabularium-berlin.de\/de\/zveme-vas-na-piknih-piknik-plny-knih\/2023\/06\/30\/","title":{"rendered":"Zveme v\u00e1s na PIKNIH &#8211; piknik pln\u00fd knih &#8211; 9. 7. 2023"},"content":{"rendered":"<div data-elementor-type=\"wp-post\" data-elementor-id=\"3379\" class=\"elementor elementor-3379\">\n\t\t\t\t\t\t<section class=\"elementor-section elementor-top-section elementor-element elementor-element-ae1c697 elementor-section-boxed elementor-section-height-default elementor-section-height-default\" data-id=\"ae1c697\" data-element_type=\"section\" data-e-type=\"section\">\n\t\t\t\t\t\t<div class=\"elementor-container elementor-column-gap-default\">\n\t\t\t\t\t<div class=\"elementor-column elementor-col-100 elementor-top-column elementor-element elementor-element-b02b9ec\" data-id=\"b02b9ec\" data-element_type=\"column\" data-e-type=\"column\">\n\t\t\t<div class=\"elementor-widget-wrap\">\n\t\t\t\t\t\t\t<\/div>\n\t\t<\/div>\n\t\t\t\t\t<\/div>\n\t\t<\/section>\n\t\t\t\t<section class=\"elementor-section elementor-top-section elementor-element elementor-element-892b3fe elementor-section-boxed elementor-section-height-default elementor-section-height-default\" data-id=\"892b3fe\" data-element_type=\"section\" data-e-type=\"section\">\n\t\t\t\t\t\t<div class=\"elementor-container elementor-column-gap-default\">\n\t\t\t\t\t<div class=\"elementor-column elementor-col-100 elementor-top-column elementor-element elementor-element-004b1a9\" data-id=\"004b1a9\" data-element_type=\"column\" data-e-type=\"column\">\n\t\t\t<div class=\"elementor-widget-wrap elementor-element-populated\">\n\t\t\t\t\t\t<div class=\"elementor-element elementor-element-fcc683b elementor-widget elementor-widget-text-editor\" data-id=\"fcc683b\" data-element_type=\"widget\" data-e-type=\"widget\" data-widget_type=\"text-editor.default\">\n\t\t\t\t<div class=\"elementor-widget-container\">\n\t\t\t\t\t\t\t\t\t<div class=\"xdj266r x11i5rnm xat24cr x1mh8g0r x1vvkbs\"><span style=\"font-size: 14pt;\"><strong>Mil\u00ed \u010de\u0161t\u00ed krajan\u00e9, p\u0159\u00e1tel\u00e9 spolku Fabularium<\/strong><\/span>,<\/div><div>\u00a0<\/div><div class=\"x11i5rnm xat24cr x1mh8g0r x1vvkbs xtlvy1s\">r\u00e1di bychom v\u00e1s pozvali na rodinn\u00e9 setk\u00e1n\u00ed &#8222;PIKNIH&#8220;, neboli piknik pln\u00fd knih a dobrot. \u010cesk\u00e9 knihy si budeme vz\u00e1jemn\u011b vym\u011b\u0148ovat, dobroty ba\u0161tit, p\u0159i tom kl\u00e1bosit a leno\u0161it, d\u011bti si budou hr\u00e1t. Takov\u00e1 idylka se odehraje ve st\u00ednu strom\u016f<strong> v Parku am Gleisdreieck (Kreuzberger Wiese) v ned\u011bli 9. \u010dervence od 15 hodin.<\/strong><\/div><div>\u00a0<\/div><div class=\"x11i5rnm xat24cr x1mh8g0r x1vvkbs xtlvy1s\">S sebou si vezm\u011bte:<br \/>&#8211; deku<br \/>&#8211; cokoli k j\u00eddlu<br \/>&#8211; knihu ur\u010denou k v\u00fdm\u011bn\u011b s ostatn\u00edmi &#8211; m\u016f\u017ee b\u00fdt jak\u00e9hokoli \u017e\u00e1nru i pro jak\u00fdkoli v\u011bk, ale hlavn\u011b mus\u00ed b\u00fdt v \u010de\u0161tin\u011b<\/div><div class=\"x11i5rnm xat24cr x1mh8g0r x1vvkbs xtlvy1s\">Na m\u00edst\u011b bude krabice, do kter\u00e9 svou knihu (a t\u0159eba i v\u00edce knih) m\u016f\u017eete po p\u0159\u00edchodu polo\u017eit a z\u00e1rove\u0148 si vybrat, co pro v\u00e1s p\u0159ichystali jin\u00ed.<\/div><div class=\"x11i5rnm xat24cr x1mh8g0r x1vvkbs xtlvy1s\">B\u011bhem odpoledne m\u00e1me p\u0159ipraveny i r\u016fzn\u00e9 hry pro d\u011bti, ale p\u0159edev\u0161\u00edm se s v\u00e1mi chceme potkat, ne\u017e se v\u0161ichni rozute\u010deme na pr\u00e1zdniny.<\/div><div>\u00a0<\/div><div class=\"x11i5rnm xat24cr x1mh8g0r x1vvkbs xtlvy1s\">Pros\u00edme o kr\u00e1tkou zpr\u00e1vu na email fabularium@fabularium-berlin.de, pokud se chyst\u00e1te p\u0159ij\u00edt.<\/div><div>\u00a0<\/div><div class=\"x11i5rnm xat24cr x1mh8g0r x1vvkbs xtlvy1s\">T\u011b\u0161\u00edme se!<\/div>\t\t\t\t\t\t\t\t<\/div>\n\t\t\t\t<\/div>\n\t\t\t\t\t<\/div>\n\t\t<\/div>\n\t\t\t\t\t<\/div>\n\t\t<\/section>\n\t\t\t\t<\/div>","protected":false},"excerpt":{"rendered":"<p>Mil\u00ed \u010de\u0161t\u00ed krajan\u00e9, p\u0159\u00e1tel\u00e9 spolku Fabularium,&nbsp;r\u00e1di bychom v\u00e1s pozvali na rodinn\u00e9 setk\u00e1n\u00ed &#8222;PIKNIH&#8220;, neboli piknik pln\u00fd knih a dobrot. \u010cesk\u00e9 knihy si budeme vz\u00e1jemn\u011b vym\u011b\u0148ovat, dobroty ba\u0161tit, p\u0159i tom kl\u00e1bosit a leno\u0161it, d\u011bti si budou hr\u00e1t. Takov\u00e1 idylka se odehraje ve st\u00ednu strom\u016f v Parku am Gleisdreieck (Kreuzberger Wiese) v ned\u011bli 9. \u010dervence od 15 [&hellip;]<\/p>\n","protected":false},"author":2,"featured_media":3387,"comment_status":"open","ping_status":"open","sticky":false,"template":"","format":"standard","meta":{"inline_featured_image":false,"site-sidebar-layout":"default","site-content-layout":"","ast-site-content-layout":"","site-content-style":"default","site-sidebar-style":"default","ast-global-header-display":"","ast-banner-title-visibility":"","ast-main-header-display":"","ast-hfb-above-header-display":"","ast-hfb-below-header-display":"","ast-hfb-mobile-header-display":"","site-post-title":"","ast-breadcrumbs-content":"","ast-featured-img":"","footer-sml-layout":"","theme-transparent-header-meta":"","adv-header-id-meta":"","stick-header-meta":"","header-above-stick-meta":"","header-main-stick-meta":"","header-below-stick-meta":"","astra-migrate-meta-layouts":"default","ast-page-background-enabled":"default","ast-page-background-meta":{"desktop":{"background-color":"var(--ast-global-color-4)","background-image":"","background-repeat":"repeat","background-position":"center center","background-size":"auto","background-attachment":"scroll","background-type":"","background-media":"","overlay-type":"","overlay-color":"","overlay-gradient":""},"tablet":{"background-color":"","background-image":"","background-repeat":"repeat","background-position":"center center","background-size":"auto","background-attachment":"scroll","background-type":"","background-media":"","overlay-type":"","overlay-color":"","overlay-gradient":""},"mobile":{"background-color":"","background-image":"","background-repeat":"repeat","background-position":"center center","background-size":"auto","background-attachment":"scroll","background-type":"","background-media":"","overlay-type":"","overlay-color":"","overlay-gradient":""}},"ast-content-background-meta":{"desktop":{"background-color":"var(--ast-global-color-5)","background-image":"","background-repeat":"repeat","background-position":"center center","background-size":"auto","background-attachment":"scroll","background-type":"","background-media":"","overlay-type":"","overlay-color":"","overlay-gradient":""},"tablet":{"background-color":"var(--ast-global-color-5)","background-image":"","background-repeat":"repeat","background-position":"center center","background-size":"auto","background-attachment":"scroll","background-type":"","background-media":"","overlay-type":"","overlay-color":"","overlay-gradient":""},"mobile":{"background-color":"var(--ast-global-color-5)","background-image":"","background-repeat":"repeat","background-position":"center center","background-size":"auto","background-attachment":"scroll","background-type":"","background-media":"","overlay-type":"","overlay-color":"","overlay-gradient":""}},"footnotes":""},"categories":[7],"tags":[],"class_list":["post-3379","post","type-post","status-publish","format-standard","has-post-thumbnail","hentry","category-akce"],"_links":{"self":[{"href":"https:\/\/www.fabularium-berlin.de\/de\/wp-json\/wp\/v2\/posts\/3379","targetHints":{"allow":["GET"]}}],"collection":[{"href":"https:\/\/www.fabularium-berlin.de\/de\/wp-json\/wp\/v2\/posts"}],"about":[{"href":"https:\/\/www.fabularium-berlin.de\/de\/wp-json\/wp\/v2\/types\/post"}],"author":[{"embeddable":true,"href":"https:\/\/www.fabularium-berlin.de\/de\/wp-json\/wp\/v2\/users\/2"}],"replies":[{"embeddable":true,"href":"https:\/\/www.fabularium-berlin.de\/de\/wp-json\/wp\/v2\/comments?post=3379"}],"version-history":[{"count":16,"href":"https:\/\/www.fabularium-berlin.de\/de\/wp-json\/wp\/v2\/posts\/3379\/revisions"}],"predecessor-version":[{"id":3399,"href":"https:\/\/www.fabularium-berlin.de\/de\/wp-json\/wp\/v2\/posts\/3379\/revisions\/3399"}],"wp:featuredmedia":[{"embeddable":true,"href":"https:\/\/www.fabularium-berlin.de\/de\/wp-json\/wp\/v2\/media\/3387"}],"wp:attachment":[{"href":"https:\/\/www.fabularium-berlin.de\/de\/wp-json\/wp\/v2\/media?parent=3379"}],"wp:term":[{"taxonomy":"category","embeddable":true,"href":"https:\/\/www.fabularium-berlin.de\/de\/wp-json\/wp\/v2\/categories?post=3379"},{"taxonomy":"post_tag","embeddable":true,"href":"https:\/\/www.fabularium-berlin.de\/de\/wp-json\/wp\/v2\/tags?post=3379"}],"curies":[{"name":"wp","href":"https:\/\/api.w.org\/{rel}","templated":true}]}}