{"id":1,"date":"2021-11-30T10:18:00","date_gmt":"2021-11-30T09:18:00","guid":{"rendered":"https:\/\/www.fabularium-berlin.de\/?p=1"},"modified":"2023-01-27T16:51:07","modified_gmt":"2023-01-27T15:51:07","slug":"hallo-welt","status":"publish","type":"post","link":"https:\/\/www.fabularium-berlin.de\/de\/hallo-welt\/2021\/11\/30\/","title":{"rendered":"GESPENSTER UND GEISTER"},"content":{"rendered":"<div data-elementor-type=\"wp-post\" data-elementor-id=\"1\" class=\"elementor elementor-1\">\n\t\t\t\t\t\t<section class=\"elementor-section elementor-top-section elementor-element elementor-element-d1d8e31 elementor-section-boxed elementor-section-height-default elementor-section-height-default\" data-id=\"d1d8e31\" data-element_type=\"section\" data-e-type=\"section\">\n\t\t\t\t\t\t<div class=\"elementor-container elementor-column-gap-default\">\n\t\t\t\t\t<div class=\"elementor-column elementor-col-100 elementor-top-column elementor-element elementor-element-42d532b\" data-id=\"42d532b\" data-element_type=\"column\" data-e-type=\"column\">\n\t\t\t<div class=\"elementor-widget-wrap elementor-element-populated\">\n\t\t\t\t\t\t<div class=\"elementor-element elementor-element-818d451 elementor-widget elementor-widget-text-editor\" data-id=\"818d451\" data-element_type=\"widget\" data-e-type=\"widget\" data-widget_type=\"text-editor.default\">\n\t\t\t\t<div class=\"elementor-widget-container\">\n\t\t\t\t\t\t\t\t\t<p><span style=\"font-size: 10pt;\">N\u011bmecko\u017erouti: Josef\u00ednka<\/span><\/p>\t\t\t\t\t\t\t\t<\/div>\n\t\t\t\t<\/div>\n\t\t\t\t\t<\/div>\n\t\t<\/div>\n\t\t\t\t\t<\/div>\n\t\t<\/section>\n\t\t\t\t<section class=\"elementor-section elementor-top-section elementor-element elementor-element-18dd791b elementor-section-boxed elementor-section-height-default elementor-section-height-default\" data-id=\"18dd791b\" data-element_type=\"section\" data-e-type=\"section\">\n\t\t\t\t\t\t<div class=\"elementor-container elementor-column-gap-default\">\n\t\t\t\t\t<div class=\"elementor-column elementor-col-100 elementor-top-column elementor-element elementor-element-2fffc7e8\" data-id=\"2fffc7e8\" data-element_type=\"column\" data-e-type=\"column\">\n\t\t\t<div class=\"elementor-widget-wrap elementor-element-populated\">\n\t\t\t\t\t\t<div class=\"elementor-element elementor-element-2ca2caf4 elementor-widget elementor-widget-text-editor\" data-id=\"2ca2caf4\" data-element_type=\"widget\" data-e-type=\"widget\" data-widget_type=\"text-editor.default\">\n\t\t\t\t<div class=\"elementor-widget-container\">\n\t\t\t\t\t\t\t\t\t<p><\/p>\n<p><span style=\"color: #000000;\"><span style=\"font-family: DejaVu Sans, sans-serif;\">Da haben wir es wieder. Der Sommer endet, die Tage werden immer k\u00fcrzer, es wird dunkler, aus Schr\u00e4nken und dunklen Ecken kommen allerlei Gespenster und andere merkw\u00fcdige Wesen hervor.\u00a0 Oh, Mann! Was w\u00e4re, wenn diese dunklen Vogelscheuchen gar nicht diese hinterh\u00e4ltigen, dunklen Kreaturen sind, sondern ganz nette, freundliche Wesen? In unseren drei Sonntags-Workshops (September und Oktober) werden wir die Kinder zum Fest der Geister f\u00fchren. Das Ergebnis des Workshops wird ein Kurzfilm sein. Die Kinder werden w\u00e4hrend des Workshops selbst Animationen filmen, sich Geschichten \u00fcber Gespenster und Geister ausdenken und auch Musik komponieren und aufnehmen.<\/span><\/span><\/p>\n<p><\/p>\t\t\t\t\t\t\t\t<\/div>\n\t\t\t\t<\/div>\n\t\t\t\t\t<\/div>\n\t\t<\/div>\n\t\t\t\t\t<\/div>\n\t\t<\/section>\n\t\t\t\t<section class=\"elementor-section elementor-top-section elementor-element elementor-element-6d77fe0 elementor-section-boxed elementor-section-height-default elementor-section-height-default\" data-id=\"6d77fe0\" data-element_type=\"section\" data-e-type=\"section\">\n\t\t\t\t\t\t<div class=\"elementor-container elementor-column-gap-default\">\n\t\t\t\t\t<div class=\"elementor-column elementor-col-100 elementor-top-column elementor-element elementor-element-9bdbb59\" data-id=\"9bdbb59\" data-element_type=\"column\" data-e-type=\"column\">\n\t\t\t<div class=\"elementor-widget-wrap elementor-element-populated\">\n\t\t\t\t\t\t<div class=\"elementor-element elementor-element-4e1570e elementor-widget elementor-widget-video\" data-id=\"4e1570e\" data-element_type=\"widget\" data-e-type=\"widget\" data-settings=\"{&quot;youtube_url&quot;:&quot;https:\\\/\\\/www.youtube.com\\\/watch?v=01DJzZwCIxM&quot;,&quot;video_type&quot;:&quot;youtube&quot;,&quot;controls&quot;:&quot;yes&quot;}\" data-widget_type=\"video.default\">\n\t\t\t\t<div class=\"elementor-widget-container\">\n\t\t\t\t\t\t\t<div class=\"elementor-wrapper elementor-open-inline\">\n\t\t\t<div class=\"elementor-video\"><\/div>\t\t<\/div>\n\t\t\t\t\t\t<\/div>\n\t\t\t\t<\/div>\n\t\t\t\t\t<\/div>\n\t\t<\/div>\n\t\t\t\t\t<\/div>\n\t\t<\/section>\n\t\t\t\t<\/div>","protected":false},"excerpt":{"rendered":"<p>N\u011bmecko\u017erouti: Josef\u00ednka U\u017e je to tady zase. Konec l\u00e9ta. \u010cas, kdy se den kr\u00e1t\u00ed a nejr\u016fzn\u011bj\u0161\u00ed bub\u00e1ci vyl\u00e9zaj\u00ed ze sk\u0159\u00edn\u00ed a temn\u00fdch kout\u016f.\u00a0\u00a0Ale! Co kdy\u017e ta stra\u0161idla tmav\u00e1 jak povidla v\u016fbec nejsou jen ti z\u00e1ke\u0159n\u00ed a temn\u00ed tvorov\u00e9, ale docela mil\u00e1, vl\u00eddn\u00e1 stvo\u0159en\u00ed? Ve t\u0159ech ned\u011bln\u00edch d\u00edln\u00e1ch (z\u00e1\u0159\u00ed a \u0159\u00edjen) budeme d\u011bti prov\u00e1zet\u00a0\u00a0a\u017e k sv\u00e1tku [&hellip;]<\/p>\n","protected":false},"author":1,"featured_media":2621,"comment_status":"closed","ping_status":"closed","sticky":false,"template":"","format":"standard","meta":{"inline_featured_image":false,"site-sidebar-layout":"default","site-content-layout":"","ast-site-content-layout":"","site-content-style":"default","site-sidebar-style":"default","ast-global-header-display":"","ast-banner-title-visibility":"","ast-main-header-display":"","ast-hfb-above-header-display":"","ast-hfb-below-header-display":"","ast-hfb-mobile-header-display":"","site-post-title":"","ast-breadcrumbs-content":"","ast-featured-img":"","footer-sml-layout":"","theme-transparent-header-meta":"","adv-header-id-meta":"","stick-header-meta":"","header-above-stick-meta":"","header-main-stick-meta":"","header-below-stick-meta":"","astra-migrate-meta-layouts":"default","ast-page-background-enabled":"default","ast-page-background-meta":{"desktop":{"background-color":"var(--ast-global-color-4)","background-image":"","background-repeat":"repeat","background-position":"center center","background-size":"auto","background-attachment":"scroll","background-type":"","background-media":"","overlay-type":"","overlay-color":"","overlay-gradient":""},"tablet":{"background-color":"","background-image":"","background-repeat":"repeat","background-position":"center center","background-size":"auto","background-attachment":"scroll","background-type":"","background-media":"","overlay-type":"","overlay-color":"","overlay-gradient":""},"mobile":{"background-color":"","background-image":"","background-repeat":"repeat","background-position":"center center","background-size":"auto","background-attachment":"scroll","background-type":"","background-media":"","overlay-type":"","overlay-color":"","overlay-gradient":""}},"ast-content-background-meta":{"desktop":{"background-color":"var(--ast-global-color-5)","background-image":"","background-repeat":"repeat","background-position":"center center","background-size":"auto","background-attachment":"scroll","background-type":"","background-media":"","overlay-type":"","overlay-color":"","overlay-gradient":""},"tablet":{"background-color":"var(--ast-global-color-5)","background-image":"","background-repeat":"repeat","background-position":"center center","background-size":"auto","background-attachment":"scroll","background-type":"","background-media":"","overlay-type":"","overlay-color":"","overlay-gradient":""},"mobile":{"background-color":"var(--ast-global-color-5)","background-image":"","background-repeat":"repeat","background-position":"center center","background-size":"auto","background-attachment":"scroll","background-type":"","background-media":"","overlay-type":"","overlay-color":"","overlay-gradient":""}},"footnotes":""},"categories":[9],"tags":[],"class_list":["post-1","post","type-post","status-publish","format-standard","has-post-thumbnail","hentry","category-probehle-dilny"],"_links":{"self":[{"href":"https:\/\/www.fabularium-berlin.de\/de\/wp-json\/wp\/v2\/posts\/1","targetHints":{"allow":["GET"]}}],"collection":[{"href":"https:\/\/www.fabularium-berlin.de\/de\/wp-json\/wp\/v2\/posts"}],"about":[{"href":"https:\/\/www.fabularium-berlin.de\/de\/wp-json\/wp\/v2\/types\/post"}],"author":[{"embeddable":true,"href":"https:\/\/www.fabularium-berlin.de\/de\/wp-json\/wp\/v2\/users\/1"}],"replies":[{"embeddable":true,"href":"https:\/\/www.fabularium-berlin.de\/de\/wp-json\/wp\/v2\/comments?post=1"}],"version-history":[{"count":40,"href":"https:\/\/www.fabularium-berlin.de\/de\/wp-json\/wp\/v2\/posts\/1\/revisions"}],"predecessor-version":[{"id":2841,"href":"https:\/\/www.fabularium-berlin.de\/de\/wp-json\/wp\/v2\/posts\/1\/revisions\/2841"}],"wp:featuredmedia":[{"embeddable":true,"href":"https:\/\/www.fabularium-berlin.de\/de\/wp-json\/wp\/v2\/media\/2621"}],"wp:attachment":[{"href":"https:\/\/www.fabularium-berlin.de\/de\/wp-json\/wp\/v2\/media?parent=1"}],"wp:term":[{"taxonomy":"category","embeddable":true,"href":"https:\/\/www.fabularium-berlin.de\/de\/wp-json\/wp\/v2\/categories?post=1"},{"taxonomy":"post_tag","embeddable":true,"href":"https:\/\/www.fabularium-berlin.de\/de\/wp-json\/wp\/v2\/tags?post=1"}],"curies":[{"name":"wp","href":"https:\/\/api.w.org\/{rel}","templated":true}]}}